{"id":312,"date":"2018-12-21T12:28:45","date_gmt":"2018-12-21T11:28:45","guid":{"rendered":"http:\/\/mbp.chrzanow.pl\/pociagdotradycji\/?p=312"},"modified":"2018-12-21T12:33:34","modified_gmt":"2018-12-21T11:33:34","slug":"lekcja-regionalna-dla-dzieci","status":"publish","type":"post","link":"http:\/\/mbp.chrzanow.pl\/pociagdotradycji\/index.php\/2018\/12\/21\/lekcja-regionalna-dla-dzieci\/","title":{"rendered":"Lekcja regionalna dla dzieci"},"content":{"rendered":"\t\t<div data-elementor-type=\"wp-post\" data-elementor-id=\"312\" class=\"elementor elementor-312 elementor-bc-flex-widget\">\n\t\t\t\t\t\t<section class=\"elementor-section elementor-top-section elementor-element elementor-element-e6b1e4a elementor-section-boxed elementor-section-height-default elementor-section-height-default\" data-id=\"e6b1e4a\" data-element_type=\"section\" data-e-type=\"section\">\n\t\t\t\t\t\t<div class=\"elementor-container elementor-column-gap-default\">\n\t\t\t\t\t<div class=\"elementor-column elementor-col-100 elementor-top-column elementor-element elementor-element-63ed9f2\" data-id=\"63ed9f2\" data-element_type=\"column\" data-e-type=\"column\">\n\t\t\t<div class=\"elementor-widget-wrap elementor-element-populated\">\n\t\t\t\t\t\t<div class=\"elementor-element elementor-element-2feb7af elementor-widget elementor-widget-text-editor\" data-id=\"2feb7af\" data-element_type=\"widget\" data-e-type=\"widget\" data-widget_type=\"text-editor.default\">\n\t\t\t\t<div class=\"elementor-widget-container\">\n\t\t\t\t\t\t\t\t\t<p>Dzieci ze Szko\u0142y Podstawowej nr 6 im. Jana Paw\u0142a II w Chrzanowie wzi\u0119\u0142y w dniu 20.12.2018 r. udzia\u0142 w lekcji\/warsztatach regionalnych w ramach projektu &#8222;Poci\u0105g do tradycji&#8221;.<br \/>Na zaj\u0119ciach pozna\u0142y kr\u00f3tk\u0105 histori\u0119 Pierwszej w Polsce Fabryki Lokomotyw, obejrza\u0142y archiwalne zdj\u0119cia przedstawiaj\u0105ce zar\u00f3wno sam\u0105 fabryk\u0119 jaki i jej pracownik\u00f3w oraz lokomotywy produkowane przez &#8222;Fablok&#8221;. Zdj\u0119cia pochodzi\u0142y z Cyfrowego Archiwum Ziemi Chrzanowskiej oraz Narodowego Archiwum Cyfrowego. Uczestnicy poznali histori\u0119 kolei, zobaczyli r\u00f3\u017cnice pomi\u0119dzy lokomotywami, kt\u00f3re dawniej je\u017adzi\u0142y po torach, a tymi kt\u00f3rymi podr\u00f3\u017cujemy obecnie. Cze\u015b\u0107 warsztatowa opiera\u0142a si\u0119 na wierszu Tuwima &#8222;Lokomotywa&#8221;, projektowali\u015bmy wagony towarowe i poznali\u015bmy towary przewo\u017cone poci\u0105gami. Dzieci rozpoznawa\u0142y pracownik\u00f3w kolei oraz prace przez nich wykonywane. Wykorzystuj\u0105c Ozoboty uczniowie zaprojektowali stacj\u0119 kolejow\u0105 swoich marze\u0144 i tras\u0119 kolejow\u0105 biegn\u0105c\u0105 przez nasze miasto.<br \/>Zaj\u0119cia zrealizowano w ramach projektu &#8222;Poci\u0105g do tradycji&#8221; sfinansowanego ze \u015brodk\u00f3w Programu \u201eLokalne Partnerstwa PAFW\u201d Polsko-Ameryka\u0144skiej Fundacji Wolno\u015bci realizowanego przez Akademi\u0119 Rozwoju Filantropii w Polsce\u201d.<\/p>\t\t\t\t\t\t\t\t<\/div>\n\t\t\t\t<\/div>\n\t\t\t\t\t<\/div>\n\t\t<\/div>\n\t\t\t\t\t<\/div>\n\t\t<\/section>\n\t\t\t\t<\/div>\n\t\t","protected":false},"excerpt":{"rendered":"<p>Dzieci ze Szko\u0142y Podstawowej nr 6 im. Jana Paw\u0142a II w Chrzanowie wzi\u0119\u0142y w dniu 20.12.2018 r. udzia\u0142 w lekcji\/warsztatach regionalnych w ramach projektu &#8222;Poci\u0105g do tradycji&#8221;.Na zaj\u0119ciach pozna\u0142y kr\u00f3tk\u0105 histori\u0119 Pierwszej w Polsce Fabryki Lokomotyw, obejrza\u0142y archiwalne zdj\u0119cia przedstawiaj\u0105ce zar\u00f3wno sam\u0105 fabryk\u0119 jaki i jej pracownik\u00f3w oraz lokomotywy produkowane przez &#8222;Fablok&#8221;. Zdj\u0119cia pochodzi\u0142y z [&hellip;]<\/p>\n","protected":false},"author":2,"featured_media":313,"comment_status":"closed","ping_status":"open","sticky":false,"template":"","format":"standard","meta":{"footnotes":""},"categories":[6],"tags":[],"class_list":["post-312","post","type-post","status-publish","format-standard","has-post-thumbnail","hentry","category-do-historii"],"_links":{"self":[{"href":"http:\/\/mbp.chrzanow.pl\/pociagdotradycji\/index.php\/wp-json\/wp\/v2\/posts\/312","targetHints":{"allow":["GET"]}}],"collection":[{"href":"http:\/\/mbp.chrzanow.pl\/pociagdotradycji\/index.php\/wp-json\/wp\/v2\/posts"}],"about":[{"href":"http:\/\/mbp.chrzanow.pl\/pociagdotradycji\/index.php\/wp-json\/wp\/v2\/types\/post"}],"author":[{"embeddable":true,"href":"http:\/\/mbp.chrzanow.pl\/pociagdotradycji\/index.php\/wp-json\/wp\/v2\/users\/2"}],"replies":[{"embeddable":true,"href":"http:\/\/mbp.chrzanow.pl\/pociagdotradycji\/index.php\/wp-json\/wp\/v2\/comments?post=312"}],"version-history":[{"count":3,"href":"http:\/\/mbp.chrzanow.pl\/pociagdotradycji\/index.php\/wp-json\/wp\/v2\/posts\/312\/revisions"}],"predecessor-version":[{"id":316,"href":"http:\/\/mbp.chrzanow.pl\/pociagdotradycji\/index.php\/wp-json\/wp\/v2\/posts\/312\/revisions\/316"}],"wp:featuredmedia":[{"embeddable":true,"href":"http:\/\/mbp.chrzanow.pl\/pociagdotradycji\/index.php\/wp-json\/wp\/v2\/media\/313"}],"wp:attachment":[{"href":"http:\/\/mbp.chrzanow.pl\/pociagdotradycji\/index.php\/wp-json\/wp\/v2\/media?parent=312"}],"wp:term":[{"taxonomy":"category","embeddable":true,"href":"http:\/\/mbp.chrzanow.pl\/pociagdotradycji\/index.php\/wp-json\/wp\/v2\/categories?post=312"},{"taxonomy":"post_tag","embeddable":true,"href":"http:\/\/mbp.chrzanow.pl\/pociagdotradycji\/index.php\/wp-json\/wp\/v2\/tags?post=312"}],"curies":[{"name":"wp","href":"https:\/\/api.w.org\/{rel}","templated":true}]}}