{"id":618,"date":"2019-06-03T11:59:09","date_gmt":"2019-06-03T09:59:09","guid":{"rendered":"http:\/\/mbp.chrzanow.pl\/pociagdotradycji\/?p=618"},"modified":"2019-06-03T12:14:58","modified_gmt":"2019-06-03T10:14:58","slug":"rajd-rowerowy-szlakiem-fabloku","status":"publish","type":"post","link":"http:\/\/mbp.chrzanow.pl\/pociagdotradycji\/index.php\/2019\/06\/03\/rajd-rowerowy-szlakiem-fabloku\/","title":{"rendered":"Rajd rowerowy &#8222;Szlakiem Fabloku&#8221;"},"content":{"rendered":"\t\t<div data-elementor-type=\"wp-post\" data-elementor-id=\"618\" class=\"elementor elementor-618\">\n\t\t\t\t\t\t<section class=\"elementor-section elementor-top-section elementor-element elementor-element-9da3b44 elementor-section-boxed elementor-section-height-default elementor-section-height-default\" data-id=\"9da3b44\" data-element_type=\"section\" data-e-type=\"section\">\n\t\t\t\t\t\t<div class=\"elementor-container elementor-column-gap-default\">\n\t\t\t\t\t<div class=\"elementor-column elementor-col-100 elementor-top-column elementor-element elementor-element-d4ca649\" data-id=\"d4ca649\" data-element_type=\"column\" data-e-type=\"column\">\n\t\t\t<div class=\"elementor-widget-wrap elementor-element-populated\">\n\t\t\t\t\t\t<div class=\"elementor-element elementor-element-e315f67 elementor-widget elementor-widget-text-editor\" data-id=\"e315f67\" data-element_type=\"widget\" data-e-type=\"widget\" data-widget_type=\"text-editor.default\">\n\t\t\t\t<div class=\"elementor-widget-container\">\n\t\t\t\t\t\t\t\t\t<p>Z okazji 100-lecia powstania Pierwszej w Polsce Fabryki Lokomotyw w Chrzanowie zapraszamy wszystkich mieszka\u0144c\u00f3w na rajd rowerowy &#8222;Szlakiem Fabloku&#8221;<strong> 8 czerwca 2019 godz. 13.00<\/strong> formularz zapisu pod linkiem: <a href=\"https:\/\/docs.google.com\/forms\/d\/e\/1FAIpQLSeMXL7pe64xVyGJewOZc0sTiMJr0qBmAdJbXzg_2JAm0y2MjA\/viewform\"><strong>formularz zapisu<\/strong><\/a> lub zapis w dniu startu 12.00-12.45 Rynek w Chrzanowie. Organizator rajdu: Stowarzyszenie Chrzanowskich Cyklist\u00f3w. <strong>Pierwsze 50 os\u00f3b otrzyma pami\u0105tkowe koszulki rajdowe<\/strong>. Fina\u0142 rajdu godz. 16.00 B\u0142onia przy stawie w Ko\u015bcielcu zapraszamy na &#8222;Piknik z w\u0119dk\u0105&#8221; organizator: Towarzystwo W\u0119dkarskie &#8222;Ko\u015bcielec&#8221; w Chrzanowie.<\/p><p><a href=\"https:\/\/www.mbp.chrzanow.pl\/images\/pdf\/regulamin_rajd_fablok.pdf\" target=\"_blank\" rel=\"noopener\"><strong>Regulamin rajdu<\/strong><\/a><\/p><p><strong><a href=\"https:\/\/docs.google.com\/forms\/d\/e\/1FAIpQLSeMXL7pe64xVyGJewOZc0sTiMJr0qBmAdJbXzg_2JAm0y2MjA\/viewform\" target=\"_blank\" rel=\"noopener\">Formularz zapisu<\/a><\/strong><\/p>\t\t\t\t\t\t\t\t<\/div>\n\t\t\t\t<\/div>\n\t\t\t\t\t<\/div>\n\t\t<\/div>\n\t\t\t\t\t<\/div>\n\t\t<\/section>\n\t\t\t\t<section class=\"elementor-section elementor-top-section elementor-element elementor-element-4bdf396 elementor-section-boxed elementor-section-height-default elementor-section-height-default\" data-id=\"4bdf396\" data-element_type=\"section\" data-e-type=\"section\">\n\t\t\t\t\t\t<div class=\"elementor-container elementor-column-gap-default\">\n\t\t\t\t\t<div class=\"elementor-column elementor-col-100 elementor-top-column elementor-element elementor-element-e74daaa\" data-id=\"e74daaa\" data-element_type=\"column\" data-e-type=\"column\">\n\t\t\t<div class=\"elementor-widget-wrap elementor-element-populated\">\n\t\t\t\t\t\t<div class=\"elementor-element elementor-element-53d3aff elementor-widget elementor-widget-image\" data-id=\"53d3aff\" data-element_type=\"widget\" data-e-type=\"widget\" data-widget_type=\"image.default\">\n\t\t\t\t<div class=\"elementor-widget-container\">\n\t\t\t\t\t\t\t\t\t\t\t\t\t\t\t<img fetchpriority=\"high\" decoding=\"async\" width=\"724\" height=\"1024\" src=\"http:\/\/mbp.chrzanow.pl\/pociagdotradycji\/wp-content\/uploads\/2019\/06\/plakat_rajd-724x1024.png\" class=\"attachment-large size-large wp-image-622\" alt=\"\" srcset=\"http:\/\/mbp.chrzanow.pl\/pociagdotradycji\/wp-content\/uploads\/2019\/06\/plakat_rajd-724x1024.png 724w, http:\/\/mbp.chrzanow.pl\/pociagdotradycji\/wp-content\/uploads\/2019\/06\/plakat_rajd-212x300.png 212w, http:\/\/mbp.chrzanow.pl\/pociagdotradycji\/wp-content\/uploads\/2019\/06\/plakat_rajd-768x1086.png 768w, http:\/\/mbp.chrzanow.pl\/pociagdotradycji\/wp-content\/uploads\/2019\/06\/plakat_rajd.png 1587w\" sizes=\"(max-width: 724px) 100vw, 724px\" \/>\t\t\t\t\t\t\t\t\t\t\t\t\t\t\t<\/div>\n\t\t\t\t<\/div>\n\t\t\t\t\t<\/div>\n\t\t<\/div>\n\t\t\t\t\t<\/div>\n\t\t<\/section>\n\t\t\t\t<section class=\"elementor-section elementor-top-section elementor-element elementor-element-ad2b20c elementor-section-boxed elementor-section-height-default elementor-section-height-default\" data-id=\"ad2b20c\" data-element_type=\"section\" data-e-type=\"section\">\n\t\t\t\t\t\t<div class=\"elementor-container elementor-column-gap-default\">\n\t\t\t\t\t<div class=\"elementor-column elementor-col-100 elementor-top-column elementor-element elementor-element-e0027f9\" data-id=\"e0027f9\" data-element_type=\"column\" data-e-type=\"column\">\n\t\t\t<div class=\"elementor-widget-wrap elementor-element-populated\">\n\t\t\t\t\t\t<div class=\"elementor-element elementor-element-94df91b elementor-widget elementor-widget-image\" data-id=\"94df91b\" data-element_type=\"widget\" data-e-type=\"widget\" data-widget_type=\"image.default\">\n\t\t\t\t<div class=\"elementor-widget-container\">\n\t\t\t\t\t\t\t\t\t\t\t\t\t\t\t<img decoding=\"async\" width=\"727\" height=\"1024\" src=\"http:\/\/mbp.chrzanow.pl\/pociagdotradycji\/wp-content\/uploads\/2019\/06\/0001-727x1024.jpg\" class=\"attachment-large size-large wp-image-625\" alt=\"\" srcset=\"http:\/\/mbp.chrzanow.pl\/pociagdotradycji\/wp-content\/uploads\/2019\/06\/0001-727x1024.jpg 727w, http:\/\/mbp.chrzanow.pl\/pociagdotradycji\/wp-content\/uploads\/2019\/06\/0001-213x300.jpg 213w, http:\/\/mbp.chrzanow.pl\/pociagdotradycji\/wp-content\/uploads\/2019\/06\/0001-768x1082.jpg 768w\" sizes=\"(max-width: 727px) 100vw, 727px\" \/>\t\t\t\t\t\t\t\t\t\t\t\t\t\t\t<\/div>\n\t\t\t\t<\/div>\n\t\t\t\t\t<\/div>\n\t\t<\/div>\n\t\t\t\t\t<\/div>\n\t\t<\/section>\n\t\t\t\t<\/div>\n\t\t","protected":false},"excerpt":{"rendered":"<p>Z okazji 100-lecia powstania Pierwszej w Polsce Fabryki Lokomotyw w Chrzanowie zapraszamy wszystkich mieszka\u0144c\u00f3w na rajd rowerowy &#8222;Szlakiem Fabloku&#8221; 8 czerwca 2019 godz. 13.00 formularz zapisu pod linkiem: formularz zapisu lub zapis w dniu startu 12.00-12.45 Rynek w Chrzanowie. Organizator rajdu: Stowarzyszenie Chrzanowskich Cyklist\u00f3w. Pierwsze 50 os\u00f3b otrzyma pami\u0105tkowe koszulki rajdowe. Fina\u0142 rajdu godz. 16.00 [&hellip;]<\/p>\n","protected":false},"author":2,"featured_media":619,"comment_status":"closed","ping_status":"open","sticky":false,"template":"","format":"standard","meta":{"footnotes":""},"categories":[9],"tags":[],"class_list":["post-618","post","type-post","status-publish","format-standard","has-post-thumbnail","hentry","category-do-zwiedzania"],"_links":{"self":[{"href":"http:\/\/mbp.chrzanow.pl\/pociagdotradycji\/index.php\/wp-json\/wp\/v2\/posts\/618","targetHints":{"allow":["GET"]}}],"collection":[{"href":"http:\/\/mbp.chrzanow.pl\/pociagdotradycji\/index.php\/wp-json\/wp\/v2\/posts"}],"about":[{"href":"http:\/\/mbp.chrzanow.pl\/pociagdotradycji\/index.php\/wp-json\/wp\/v2\/types\/post"}],"author":[{"embeddable":true,"href":"http:\/\/mbp.chrzanow.pl\/pociagdotradycji\/index.php\/wp-json\/wp\/v2\/users\/2"}],"replies":[{"embeddable":true,"href":"http:\/\/mbp.chrzanow.pl\/pociagdotradycji\/index.php\/wp-json\/wp\/v2\/comments?post=618"}],"version-history":[{"count":4,"href":"http:\/\/mbp.chrzanow.pl\/pociagdotradycji\/index.php\/wp-json\/wp\/v2\/posts\/618\/revisions"}],"predecessor-version":[{"id":626,"href":"http:\/\/mbp.chrzanow.pl\/pociagdotradycji\/index.php\/wp-json\/wp\/v2\/posts\/618\/revisions\/626"}],"wp:featuredmedia":[{"embeddable":true,"href":"http:\/\/mbp.chrzanow.pl\/pociagdotradycji\/index.php\/wp-json\/wp\/v2\/media\/619"}],"wp:attachment":[{"href":"http:\/\/mbp.chrzanow.pl\/pociagdotradycji\/index.php\/wp-json\/wp\/v2\/media?parent=618"}],"wp:term":[{"taxonomy":"category","embeddable":true,"href":"http:\/\/mbp.chrzanow.pl\/pociagdotradycji\/index.php\/wp-json\/wp\/v2\/categories?post=618"},{"taxonomy":"post_tag","embeddable":true,"href":"http:\/\/mbp.chrzanow.pl\/pociagdotradycji\/index.php\/wp-json\/wp\/v2\/tags?post=618"}],"curies":[{"name":"wp","href":"https:\/\/api.w.org\/{rel}","templated":true}]}}