{"id":627,"date":"2019-06-03T13:11:56","date_gmt":"2019-06-03T11:11:56","guid":{"rendered":"http:\/\/mbp.chrzanow.pl\/pociagdotradycji\/?p=627"},"modified":"2019-07-09T14:15:21","modified_gmt":"2019-07-09T12:15:21","slug":"wystawa-makieta-waskotorowa","status":"publish","type":"post","link":"http:\/\/mbp.chrzanow.pl\/pociagdotradycji\/index.php\/2019\/06\/03\/wystawa-makieta-waskotorowa\/","title":{"rendered":"Wystawa &#8222;Makieta w\u0105skotorowa&#8221;"},"content":{"rendered":"\t\t<div data-elementor-type=\"wp-post\" data-elementor-id=\"627\" class=\"elementor elementor-627\">\n\t\t\t\t\t\t<section class=\"elementor-section elementor-top-section elementor-element elementor-element-f7df216 elementor-section-boxed elementor-section-height-default elementor-section-height-default\" data-id=\"f7df216\" data-element_type=\"section\" data-e-type=\"section\">\n\t\t\t\t\t\t<div class=\"elementor-container elementor-column-gap-default\">\n\t\t\t\t\t<div class=\"elementor-column elementor-col-100 elementor-top-column elementor-element elementor-element-51d4774\" data-id=\"51d4774\" data-element_type=\"column\" data-e-type=\"column\">\n\t\t\t<div class=\"elementor-widget-wrap elementor-element-populated\">\n\t\t\t\t\t\t<div class=\"elementor-element elementor-element-116748b elementor-widget elementor-widget-text-editor\" data-id=\"116748b\" data-element_type=\"widget\" data-e-type=\"widget\" data-widget_type=\"text-editor.default\">\n\t\t\t\t<div class=\"elementor-widget-container\">\n\t\t\t\t\t\t\t\t\t<p>Przez dwa dni 25 i 26 maja 2019 mo\u017cna by\u0142o podziwia\u0107 w naszej bibliotece\u00a0<strong> Makiety i dioramy kolejowe firmy Instal Model Projekt Jaros\u0142aw Ruszkowski. <\/strong><br \/>By\u0142a to makieta kolejowa w\u0105skotorowa H0e, odwzorowuj\u0105ca typowo polskie klimaty starych kolejek w\u0105skotorowych. Firma Instal Model Projekt prezentowa\u0142a swoj\u0105 wystaw\u0119 w wielu miejscach i dla wielu instytucji np. muze\u00f3w, urz\u0119d\u00f3w miast, gmin, szk\u00f3\u0142 itp. W ka\u017cdym z tych miejsc prezentacje cieszy\u0142y si\u0119 bardzo du\u017c\u0105 popularno\u015bci\u0105 i przyci\u0105gn\u0119\u0142y mn\u00f3stwo zwiedzaj\u0105cych. Dodatkow\u0105 atrakcj\u0105 wystawy by\u0142o stoisko promocyjne firmy PIKO Polska, gdzie zosta\u0142 zaprezentowany pe\u0142en asortyment produkt\u00f3w, wszystko czego mog\u0105 potrzebowa\u0107 mi\u0142o\u015bnicy kolei, poczynaj\u0105c od lokomotyw, wagon\u00f3w, przez modele budowlane, tory, kompletne zestawy startowe, a na w\u0142asnych cyfrowych systemach sterowania ko\u0144cz\u0105c. Dodatkowo na stoisku zosta\u0142a zaprezentowana du\u017ca kolej ogrodowa w skali G, gdzie najm\u0142odsi i nie tylko mogli spr\u00f3bowa\u0107 w\u0142asnych si\u0142 w samodzielnym prowadzeniu kolejki. \u0141\u0105cznie makiety dysponuj\u0105 oko\u0142o 100 metrami bie\u017c\u0105cymi torowiska firmy ROCO i TILLIG. Wyposa\u017cone w semafory kszta\u0142towe, rozjazdy z nap\u0119dami sterowane z profesjonalnych pulpit\u00f3w. Modele kolejowe sterowane s\u0105 systemami cyfrowymi, wyposa\u017cone w dekodery emituj\u0105ce d\u017awi\u0119ki prawdziwych lokomotyw, zapowiedzi stacyjne itp. Prezentowany tabor na makietach odwzorowuje sk\u0142ady poci\u0105g\u00f3w jakie je\u017adzi\u0142y w realnym \u015bwiecie. W wi\u0119kszo\u015bci jest to tabor PKP ale r\u00f3wnie\u017c wyst\u0119puj\u0105 modele innych przewo\u017anik\u00f3w. Tabor jaki zosta\u0142 zaprezentowany pochodzi od przoduj\u0105cych producent\u00f3w jak: PIKO, ROCO, TILLIG, BEMO, TRIX, FLEISHMAN. Podczas prezentacji mechanik prowadz\u0105cy ruch na makietach opowiada\u0142 o danym modelu, zasadach dzia\u0142ania i zasilania modeli\u00a0 oraz odpowiada\u0142 na pytania od os\u00f3b odwiedzaj\u0105cych wystaw\u0119. <br \/>Organizatorem projektu <strong>\u201ePoci\u0105g do tradycji\u201d<\/strong> jest Miejska Biblioteka Publiczna w Chrzanowie, partnerami s\u0105: Stowarzyszenie UTW w Chrzanowie oraz Szko\u0142a Podstawowa nr 6 im. Jana Paw\u0142a II w Chrzanowie.<br \/>Projekt<strong> \u201ePoci\u0105g do tradycji\u201d <\/strong>dofinansowano ze \u015brodk\u00f3w Programu \u201eLokalne Partnerstwa PAFW\u201d Polsko-Ameryka\u0144skiej Fundacji Wolno\u015bci realizowanego przez Akademi\u0119 Rozwoju Filantropii w Polsce.<\/p>\t\t\t\t\t\t\t\t<\/div>\n\t\t\t\t<\/div>\n\t\t\t\t\t<\/div>\n\t\t<\/div>\n\t\t\t\t\t<\/div>\n\t\t<\/section>\n\t\t\t\t<section class=\"elementor-section elementor-top-section elementor-element elementor-element-47883b9 elementor-section-boxed elementor-section-height-default elementor-section-height-default\" data-id=\"47883b9\" data-element_type=\"section\" data-e-type=\"section\">\n\t\t\t\t\t\t<div class=\"elementor-container elementor-column-gap-default\">\n\t\t\t\t\t<div class=\"elementor-column elementor-col-100 elementor-top-column elementor-element elementor-element-73421f3\" data-id=\"73421f3\" data-element_type=\"column\" data-e-type=\"column\">\n\t\t\t<div class=\"elementor-widget-wrap elementor-element-populated\">\n\t\t\t\t\t\t<div class=\"elementor-element elementor-element-790d621 gallery-spacing-custom elementor-widget elementor-widget-image-gallery\" data-id=\"790d621\" data-element_type=\"widget\" data-e-type=\"widget\" data-widget_type=\"image-gallery.default\">\n\t\t\t\t<div class=\"elementor-widget-container\">\n\t\t\t\t\t\t\t<div class=\"elementor-image-gallery\">\n\t\t\t<div id='gallery-2' class='gallery galleryid-627 gallery-columns-4 gallery-size-thumbnail'><figure class='gallery-item'>\n\t\t\t<div class='gallery-icon landscape'>\n\t\t\t\t<a data-elementor-open-lightbox=\"yes\" data-elementor-lightbox-slideshow=\"790d621\" data-elementor-lightbox-title=\"DSC_0048\" data-e-action-hash=\"#elementor-action%3Aaction%3Dlightbox%26settings%3DeyJpZCI6NzI0LCJ1cmwiOiJodHRwOlwvXC9tYnAuY2hyemFub3cucGxcL3BvY2lhZ2RvdHJhZHljamlcL3dwLWNvbnRlbnRcL3VwbG9hZHNcLzIwMTlcLzA2XC9EU0NfMDA0OC5qcGciLCJzbGlkZXNob3ciOiI3OTBkNjIxIn0%3D\" href='http:\/\/mbp.chrzanow.pl\/pociagdotradycji\/wp-content\/uploads\/2019\/06\/DSC_0048.jpg'><img decoding=\"async\" width=\"150\" height=\"150\" src=\"http:\/\/mbp.chrzanow.pl\/pociagdotradycji\/wp-content\/uploads\/2019\/06\/DSC_0048-150x150.jpg\" class=\"attachment-thumbnail size-thumbnail\" alt=\"\" \/><\/a>\n\t\t\t<\/div><\/figure><figure class='gallery-item'>\n\t\t\t<div class='gallery-icon landscape'>\n\t\t\t\t<a data-elementor-open-lightbox=\"yes\" data-elementor-lightbox-slideshow=\"790d621\" data-elementor-lightbox-title=\"DSC_0050\" data-e-action-hash=\"#elementor-action%3Aaction%3Dlightbox%26settings%3DeyJpZCI6NzI2LCJ1cmwiOiJodHRwOlwvXC9tYnAuY2hyemFub3cucGxcL3BvY2lhZ2RvdHJhZHljamlcL3dwLWNvbnRlbnRcL3VwbG9hZHNcLzIwMTlcLzA2XC9EU0NfMDA1MC5qcGciLCJzbGlkZXNob3ciOiI3OTBkNjIxIn0%3D\" href='http:\/\/mbp.chrzanow.pl\/pociagdotradycji\/wp-content\/uploads\/2019\/06\/DSC_0050.jpg'><img decoding=\"async\" width=\"150\" height=\"150\" src=\"http:\/\/mbp.chrzanow.pl\/pociagdotradycji\/wp-content\/uploads\/2019\/06\/DSC_0050-150x150.jpg\" class=\"attachment-thumbnail size-thumbnail\" alt=\"\" \/><\/a>\n\t\t\t<\/div><\/figure><figure class='gallery-item'>\n\t\t\t<div class='gallery-icon landscape'>\n\t\t\t\t<a data-elementor-open-lightbox=\"yes\" data-elementor-lightbox-slideshow=\"790d621\" data-elementor-lightbox-title=\"DSC_0052\" data-e-action-hash=\"#elementor-action%3Aaction%3Dlightbox%26settings%3DeyJpZCI6NzI3LCJ1cmwiOiJodHRwOlwvXC9tYnAuY2hyemFub3cucGxcL3BvY2lhZ2RvdHJhZHljamlcL3dwLWNvbnRlbnRcL3VwbG9hZHNcLzIwMTlcLzA2XC9EU0NfMDA1Mi5qcGciLCJzbGlkZXNob3ciOiI3OTBkNjIxIn0%3D\" href='http:\/\/mbp.chrzanow.pl\/pociagdotradycji\/wp-content\/uploads\/2019\/06\/DSC_0052.jpg'><img decoding=\"async\" width=\"150\" height=\"150\" src=\"http:\/\/mbp.chrzanow.pl\/pociagdotradycji\/wp-content\/uploads\/2019\/06\/DSC_0052-150x150.jpg\" class=\"attachment-thumbnail size-thumbnail\" alt=\"\" \/><\/a>\n\t\t\t<\/div><\/figure><figure class='gallery-item'>\n\t\t\t<div class='gallery-icon landscape'>\n\t\t\t\t<a data-elementor-open-lightbox=\"yes\" data-elementor-lightbox-slideshow=\"790d621\" data-elementor-lightbox-title=\"DSC_0054\" data-e-action-hash=\"#elementor-action%3Aaction%3Dlightbox%26settings%3DeyJpZCI6NzI4LCJ1cmwiOiJodHRwOlwvXC9tYnAuY2hyemFub3cucGxcL3BvY2lhZ2RvdHJhZHljamlcL3dwLWNvbnRlbnRcL3VwbG9hZHNcLzIwMTlcLzA2XC9EU0NfMDA1NC5qcGciLCJzbGlkZXNob3ciOiI3OTBkNjIxIn0%3D\" href='http:\/\/mbp.chrzanow.pl\/pociagdotradycji\/wp-content\/uploads\/2019\/06\/DSC_0054.jpg'><img loading=\"lazy\" decoding=\"async\" width=\"150\" height=\"150\" src=\"http:\/\/mbp.chrzanow.pl\/pociagdotradycji\/wp-content\/uploads\/2019\/06\/DSC_0054-150x150.jpg\" class=\"attachment-thumbnail size-thumbnail\" alt=\"\" \/><\/a>\n\t\t\t<\/div><\/figure><figure class='gallery-item'>\n\t\t\t<div class='gallery-icon landscape'>\n\t\t\t\t<a data-elementor-open-lightbox=\"yes\" data-elementor-lightbox-slideshow=\"790d621\" data-elementor-lightbox-title=\"DSC_0056\" data-e-action-hash=\"#elementor-action%3Aaction%3Dlightbox%26settings%3DeyJpZCI6NzI5LCJ1cmwiOiJodHRwOlwvXC9tYnAuY2hyemFub3cucGxcL3BvY2lhZ2RvdHJhZHljamlcL3dwLWNvbnRlbnRcL3VwbG9hZHNcLzIwMTlcLzA2XC9EU0NfMDA1Ni5qcGciLCJzbGlkZXNob3ciOiI3OTBkNjIxIn0%3D\" href='http:\/\/mbp.chrzanow.pl\/pociagdotradycji\/wp-content\/uploads\/2019\/06\/DSC_0056.jpg'><img loading=\"lazy\" decoding=\"async\" width=\"150\" height=\"150\" src=\"http:\/\/mbp.chrzanow.pl\/pociagdotradycji\/wp-content\/uploads\/2019\/06\/DSC_0056-150x150.jpg\" class=\"attachment-thumbnail size-thumbnail\" alt=\"\" \/><\/a>\n\t\t\t<\/div><\/figure><figure class='gallery-item'>\n\t\t\t<div class='gallery-icon landscape'>\n\t\t\t\t<a data-elementor-open-lightbox=\"yes\" data-elementor-lightbox-slideshow=\"790d621\" data-elementor-lightbox-title=\"DSC_0061\" data-e-action-hash=\"#elementor-action%3Aaction%3Dlightbox%26settings%3DeyJpZCI6NzMwLCJ1cmwiOiJodHRwOlwvXC9tYnAuY2hyemFub3cucGxcL3BvY2lhZ2RvdHJhZHljamlcL3dwLWNvbnRlbnRcL3VwbG9hZHNcLzIwMTlcLzA2XC9EU0NfMDA2MS5qcGciLCJzbGlkZXNob3ciOiI3OTBkNjIxIn0%3D\" href='http:\/\/mbp.chrzanow.pl\/pociagdotradycji\/wp-content\/uploads\/2019\/06\/DSC_0061.jpg'><img loading=\"lazy\" decoding=\"async\" width=\"150\" height=\"150\" src=\"http:\/\/mbp.chrzanow.pl\/pociagdotradycji\/wp-content\/uploads\/2019\/06\/DSC_0061-150x150.jpg\" class=\"attachment-thumbnail size-thumbnail\" alt=\"\" \/><\/a>\n\t\t\t<\/div><\/figure><figure class='gallery-item'>\n\t\t\t<div class='gallery-icon landscape'>\n\t\t\t\t<a data-elementor-open-lightbox=\"yes\" data-elementor-lightbox-slideshow=\"790d621\" data-elementor-lightbox-title=\"DSC_0064\" data-e-action-hash=\"#elementor-action%3Aaction%3Dlightbox%26settings%3DeyJpZCI6NzMxLCJ1cmwiOiJodHRwOlwvXC9tYnAuY2hyemFub3cucGxcL3BvY2lhZ2RvdHJhZHljamlcL3dwLWNvbnRlbnRcL3VwbG9hZHNcLzIwMTlcLzA2XC9EU0NfMDA2NC5qcGciLCJzbGlkZXNob3ciOiI3OTBkNjIxIn0%3D\" href='http:\/\/mbp.chrzanow.pl\/pociagdotradycji\/wp-content\/uploads\/2019\/06\/DSC_0064.jpg'><img loading=\"lazy\" decoding=\"async\" width=\"150\" height=\"150\" src=\"http:\/\/mbp.chrzanow.pl\/pociagdotradycji\/wp-content\/uploads\/2019\/06\/DSC_0064-150x150.jpg\" class=\"attachment-thumbnail size-thumbnail\" alt=\"\" \/><\/a>\n\t\t\t<\/div><\/figure><figure class='gallery-item'>\n\t\t\t<div class='gallery-icon landscape'>\n\t\t\t\t<a data-elementor-open-lightbox=\"yes\" data-elementor-lightbox-slideshow=\"790d621\" data-elementor-lightbox-title=\"DSC_0078\" data-e-action-hash=\"#elementor-action%3Aaction%3Dlightbox%26settings%3DeyJpZCI6NzMyLCJ1cmwiOiJodHRwOlwvXC9tYnAuY2hyemFub3cucGxcL3BvY2lhZ2RvdHJhZHljamlcL3dwLWNvbnRlbnRcL3VwbG9hZHNcLzIwMTlcLzA2XC9EU0NfMDA3OC5qcGciLCJzbGlkZXNob3ciOiI3OTBkNjIxIn0%3D\" href='http:\/\/mbp.chrzanow.pl\/pociagdotradycji\/wp-content\/uploads\/2019\/06\/DSC_0078.jpg'><img loading=\"lazy\" decoding=\"async\" width=\"150\" height=\"150\" src=\"http:\/\/mbp.chrzanow.pl\/pociagdotradycji\/wp-content\/uploads\/2019\/06\/DSC_0078-150x150.jpg\" class=\"attachment-thumbnail size-thumbnail\" alt=\"\" \/><\/a>\n\t\t\t<\/div><\/figure>\n\t\t<\/div>\n\t\t<\/div>\n\t\t\t\t\t\t<\/div>\n\t\t\t\t<\/div>\n\t\t\t\t\t<\/div>\n\t\t<\/div>\n\t\t\t\t\t<\/div>\n\t\t<\/section>\n\t\t\t\t<section class=\"elementor-section elementor-top-section elementor-element elementor-element-b2d49c8 elementor-section-boxed elementor-section-height-default elementor-section-height-default\" data-id=\"b2d49c8\" data-element_type=\"section\" data-e-type=\"section\">\n\t\t\t\t\t\t<div class=\"elementor-container elementor-column-gap-default\">\n\t\t\t\t\t<div class=\"elementor-column elementor-col-100 elementor-top-column elementor-element elementor-element-5e9f66e\" data-id=\"5e9f66e\" data-element_type=\"column\" data-e-type=\"column\">\n\t\t\t<div class=\"elementor-widget-wrap elementor-element-populated\">\n\t\t\t\t\t\t<div class=\"elementor-element elementor-element-22d293d elementor-widget elementor-widget-video\" data-id=\"22d293d\" data-element_type=\"widget\" data-e-type=\"widget\" data-settings=\"{&quot;youtube_url&quot;:&quot;https:\\\/\\\/www.youtube.com\\\/watch?v=EsL6ty53WW4&amp;t=132s&quot;,&quot;video_type&quot;:&quot;youtube&quot;,&quot;controls&quot;:&quot;yes&quot;}\" data-widget_type=\"video.default\">\n\t\t\t\t<div class=\"elementor-widget-container\">\n\t\t\t\t\t\t\t<div class=\"elementor-wrapper elementor-open-inline\">\n\t\t\t<div class=\"elementor-video\"><\/div>\t\t<\/div>\n\t\t\t\t\t\t<\/div>\n\t\t\t\t<\/div>\n\t\t\t\t\t<\/div>\n\t\t<\/div>\n\t\t\t\t\t<\/div>\n\t\t<\/section>\n\t\t\t\t<\/div>\n\t\t","protected":false},"excerpt":{"rendered":"<p>Przez dwa dni 25 i 26 maja 2019 mo\u017cna by\u0142o podziwia\u0107 w naszej bibliotece&nbsp; Makiety i dioramy kolejowe firmy Instal Model Projekt Jaros\u0142aw Ruszkowski. By\u0142a to makieta kolejowa w\u0105skotorowa H0e, odwzorowuj\u0105ca typowo polskie klimaty starych kolejek w\u0105skotorowych. Firma Instal Model Projekt prezentowa\u0142a swoj\u0105 wystaw\u0119 w wielu miejscach i dla wielu instytucji np. muze\u00f3w, urz\u0119d\u00f3w miast, [&hellip;]<\/p>\n","protected":false},"author":2,"featured_media":628,"comment_status":"closed","ping_status":"open","sticky":false,"template":"","format":"standard","meta":{"footnotes":""},"categories":[14],"tags":[],"class_list":["post-627","post","type-post","status-publish","format-standard","has-post-thumbnail","hentry","category-wystawy"],"_links":{"self":[{"href":"http:\/\/mbp.chrzanow.pl\/pociagdotradycji\/index.php\/wp-json\/wp\/v2\/posts\/627","targetHints":{"allow":["GET"]}}],"collection":[{"href":"http:\/\/mbp.chrzanow.pl\/pociagdotradycji\/index.php\/wp-json\/wp\/v2\/posts"}],"about":[{"href":"http:\/\/mbp.chrzanow.pl\/pociagdotradycji\/index.php\/wp-json\/wp\/v2\/types\/post"}],"author":[{"embeddable":true,"href":"http:\/\/mbp.chrzanow.pl\/pociagdotradycji\/index.php\/wp-json\/wp\/v2\/users\/2"}],"replies":[{"embeddable":true,"href":"http:\/\/mbp.chrzanow.pl\/pociagdotradycji\/index.php\/wp-json\/wp\/v2\/comments?post=627"}],"version-history":[{"count":4,"href":"http:\/\/mbp.chrzanow.pl\/pociagdotradycji\/index.php\/wp-json\/wp\/v2\/posts\/627\/revisions"}],"predecessor-version":[{"id":799,"href":"http:\/\/mbp.chrzanow.pl\/pociagdotradycji\/index.php\/wp-json\/wp\/v2\/posts\/627\/revisions\/799"}],"wp:featuredmedia":[{"embeddable":true,"href":"http:\/\/mbp.chrzanow.pl\/pociagdotradycji\/index.php\/wp-json\/wp\/v2\/media\/628"}],"wp:attachment":[{"href":"http:\/\/mbp.chrzanow.pl\/pociagdotradycji\/index.php\/wp-json\/wp\/v2\/media?parent=627"}],"wp:term":[{"taxonomy":"category","embeddable":true,"href":"http:\/\/mbp.chrzanow.pl\/pociagdotradycji\/index.php\/wp-json\/wp\/v2\/categories?post=627"},{"taxonomy":"post_tag","embeddable":true,"href":"http:\/\/mbp.chrzanow.pl\/pociagdotradycji\/index.php\/wp-json\/wp\/v2\/tags?post=627"}],"curies":[{"name":"wp","href":"https:\/\/api.w.org\/{rel}","templated":true}]}}