{"id":271,"date":"2018-09-06T10:07:15","date_gmt":"2018-09-06T08:07:15","guid":{"rendered":"https:\/\/mbp.chrzanow.pl\/wstroneniepodleglosci\/?p=271"},"modified":"2019-01-04T11:21:57","modified_gmt":"2019-01-04T10:21:57","slug":"w-strone-niepodleglosci-dofinansowanego-ze-srodkow-finansowych-narodowego-centrum-kultury-w-ramach-programu-kultura-interwencje-2018","status":"publish","type":"post","link":"https:\/\/mbp.chrzanow.pl\/wstroneniepodleglosci\/index.php\/2018\/09\/06\/w-strone-niepodleglosci-dofinansowanego-ze-srodkow-finansowych-narodowego-centrum-kultury-w-ramach-programu-kultura-interwencje-2018\/","title":{"rendered":"\u201eW stron\u0119 Niepodleg\u0142o\u015bci\u201d dofinansowanego ze \u015brodk\u00f3w finansowych Narodowego Centrum Kultury w ramach Programu Kultura \u2013 Interwencje 2018."},"content":{"rendered":"\t\t<div data-elementor-type=\"wp-post\" data-elementor-id=\"271\" class=\"elementor elementor-271 elementor-bc-flex-widget\">\n\t\t\t\t\t\t<section class=\"elementor-section elementor-top-section elementor-element elementor-element-33ca1147 elementor-section-boxed elementor-section-height-default elementor-section-height-default\" data-id=\"33ca1147\" data-element_type=\"section\" data-e-type=\"section\">\n\t\t\t\t\t\t<div class=\"elementor-container elementor-column-gap-default\">\n\t\t\t\t\t<div class=\"elementor-column elementor-col-100 elementor-top-column elementor-element elementor-element-2bb1b006\" data-id=\"2bb1b006\" data-element_type=\"column\" data-e-type=\"column\">\n\t\t\t<div class=\"elementor-widget-wrap elementor-element-populated\">\n\t\t\t\t\t\t<div class=\"elementor-element elementor-element-63daec3c elementor-widget elementor-widget-text-editor\" data-id=\"63daec3c\" data-element_type=\"widget\" data-e-type=\"widget\" data-widget_type=\"text-editor.default\">\n\t\t\t\t<div class=\"elementor-widget-container\">\n\t\t\t\t\t\t\t\t\t<p>Projekt &#8222;W stron\u0119 Niepodleg\u0142o\u015bci&#8221; zak\u0142ada\u0142 organizacj\u0119 dzia\u0142a\u0144, skierowanych do mieszka\u0144c\u00f3w powiatu chrzanowskiego, upami\u0119tniaj\u0105cych<br \/>i przybli\u017caj\u0105cych uczestnikom wydarzenia, postaci i zjawiska z czas\u00f3w I wojny \u015bwiatowej. W ramach projektu odby\u0142y si\u0119 spotkania z mieszka\u0144cami w plac\u00f3wkach bibliotecznych ca\u0142ego powiatu, w celu pozyskania, digitalizacji i utrwalenia pami\u0105tek z czas\u00f3w I wojny \u015bwiatowej<br \/>i II Rzeczypospolitej. Na bazie zgromadzonego materia\u0142u zosta\u0142a przygotowana wystawa plenerowa. Po opracowaniu merytorycznym pozyskane archiwalia zosta\u0142y opublikowane. Zorganizowany zosta\u0142 te\u017c happening, podczas kt\u00f3rego zosta\u0142a podj\u0119ta pr\u00f3ba bicia rekordu liczby zgromadzonych legionist\u00f3w, nawi\u0105zuj\u0105ca do organizacji oddzia\u0142\u00f3w wychodz\u0105cych do Krakowa w 1914 r. W celu przygotowania do udzia\u0142u w happeningu odby\u0142y si\u0119 warsztaty dla dzieci i m\u0142odzie\u017cy, kt\u00f3re poprzez zabaw\u0119 dostarczy\u0142y te\u017c podstawowej wiedzy na temat odradzania si\u0119 Polski. Wa\u017cnym elementem projektu by\u0142a wystawa w Muzeum i konferencja.<\/p><p>Na projekt sk\u0142ada\u0142y si\u0119 nast\u0119puj\u0105ce wydarzenia:<\/p><ol><li>Spotkania z mieszka\u0144cami powiatu chrzanowskiego &#8222;Odkrywamy Niepodleg\u0142o\u015b\u0107&#8221; &#8211; Miejska Biblioteka Publiczna w Chrzanowie oraz<br \/>biblioteki pozosta\u0142ych gmin powiatu chrzanowskiego zaprosi\u0142y mieszka\u0144c\u00f3w na spotkania, na kt\u00f3rych zach\u0119ci\u0142y do dzielenia si\u0119 wspomnieniami, wiadomo\u015bciami, zdj\u0119ciami, dokumentami i wszelkimi innymi pami\u0105tkami z czas\u00f3w I wojny \u015bwiatowej oraz 20-lecia mi\u0119dzywojennego. Pozwoli\u0142o to na zebranie przedmiot\u00f3w i informacji o uczestnictwie w I wojnie oraz budowie II Rzeczpospolitej mieszka\u0144c\u00f3w powiatu chrzanowskiego, cho\u0107by w postaci kopii czy danych biograficznych.<\/li><li>Opracowana zosta\u0142a strona internetowa projektu, na kt\u00f3rej umieszczane by\u0142y zapowiedzi wydarze\u0144 i relacje z nich.<\/li><li>Warsztaty dla dzieci, dzi\u0119ki kt\u00f3rym poprzez zabaw\u0119 zosta\u0142a uczestnikom przybli\u017cona historia Polski. Przygotowa\u0142y one r\u00f3wnie\u017c do udzia\u0142u<br \/>w happeningu i bicia rekordu.<\/li><li>Warsztaty dla podopiecznych Fundacji Brata Alberta w Chrzanowie, Specjalnego O\u015brodka Szkolno-Wychowawczego oraz pensjonariuszy dom\u00f3w opieki spo\u0142ecznej, kt\u00f3re pozwoli\u0142y na udzia\u0142 tej grupy w happeningu.<\/li><li>Warsztaty edukacyjne dla m\u0142odzie\u017cy, przybli\u017caj\u0105ce histori\u0119 Polski niepodleg\u0142ej w tym dzieje legion\u00f3w i biografie ojc\u00f3w niepodleg\u0142o\u015bci, kt\u00f3re przygotowa\u0142y do aktywnego i \u015bwiadomego udzia\u0142u w konferencji. Podczas zaj\u0119\u0107 przygotowywano stroje wykorzystane podczas happeningu.<\/li><li>Wystawa plenerowa gotowa do wypo\u017cyczenia, przygotowana na podstawie zebranych od mieszka\u0144c\u00f3w artefakt\u00f3w, prezentowana<br \/>w 5 gminach powiatu. Na zasadach wolnej licencji udost\u0119pniono te\u017c jej cyfrowy projekt gotowy do wydrukowania.<\/li><li>Happening, podczas kt\u00f3rego przedszkolaki i uczniowie ze szk\u00f3\u0142 powiatu chrzanowskiego i wszyscy ch\u0119tni mieszka\u0144cy zgromadzili<br \/>si\u0119 z atrybutami legionisty. Uczestnicy przeszli ulicami miasta. By\u0142o to nawi\u0105zanie do wymarszu oddzia\u0142\u00f3w ochotnik\u00f3w z Chrzanowa do Krakowa, jakie mia\u0142o miejsce w 1914 r. Podj\u0119ta zosta\u0142a pr\u00f3ba ustanowienia rekordu liczby os\u00f3b przebranych za legionist\u00f3w zgromadzonych w Chrzanowie.<\/li><li>Wystawa w Muzeum w Chrzanowie po\u015bwi\u0119cona I wojnie \u015bwiatowej i drodze Polak\u00f3w do Niepodleg\u0142o\u015bci, przygotowana w oparciu<br \/>o zbiory w\u0142asne Muzeum oraz wypo\u017cyczenia z muze\u00f3w krakowskich. Wystawa przybli\u017cy\u0142a przebieg dzia\u0142a\u0144 wojennych na frontach I wojny<br \/>\u015bwiatowej, codzienno\u015b\u0107 \u017co\u0142nierzy, spos\u00f3b sp\u0119dzania wolnego czasu. Pokaza\u0142a te\u017c wybrane aspekty nast\u0119pstw prowadzonych dzia\u0142a\u0144<br \/>wojennych.<\/li><li>Publikacja przygotowana w oparciu o materia\u0142y zebrane podczas spotka\u0144 z mieszka\u0144cami powiatu chrzanowskiego, opracowane<br \/>przez muzealnik\u00f3w i opublikowane.<\/li><li>Konferencja, na kt\u00f3rej zosta\u0142a przedstawiona historia dzia\u0142aj\u0105cych w Chrzanowie i niekt\u00f3rych miejscowo\u015bciach powiatu organizacji patriotycznych i paramilitarnych, udziale chrzanowian w walkach na frontach I wojny i budowie II RP. Konferencji towarzyszy\u0142a promocja publikacji wspomnianej wy\u017cej.<\/li><li>Koncert pie\u015bni patriotycznych w wykonaniu ch\u00f3r\u00f3w zar\u00f3wno szkolnych jak i sk\u0142adaj\u0105cych si\u0119 z os\u00f3b doros\u0142ych.<\/li><li>Film dokumentuj\u0105cy wydarzenia realizowane w ramach projektu, b\u0119d\u0105cy zapisem spotka\u0144 z mieszka\u0144cami, ich opowie\u015bci rodzinnych<br \/>i prze\u017cy\u0107, a tak\u017ce pokazuj\u0105cy uczestnictwo w zrealizowanych dzia\u0142aniach.<\/li><\/ol>\t\t\t\t\t\t\t\t<\/div>\n\t\t\t\t<\/div>\n\t\t\t\t\t<\/div>\n\t\t<\/div>\n\t\t\t\t\t<\/div>\n\t\t<\/section>\n\t\t\t\t<\/div>\n\t\t","protected":false},"excerpt":{"rendered":"<p>Projekt &#8222;W stron\u0119 Niepodleg\u0142o\u015bci&#8221; zak\u0142ada\u0142 organizacj\u0119 dzia\u0142a\u0144, skierowanych do mieszka\u0144c\u00f3w powiatu chrzanowskiego, upami\u0119tniaj\u0105cychi przybli\u017caj\u0105cych uczestnikom wydarzenia, postaci i zjawiska z czas\u00f3w I wojny \u015bwiatowej. W ramach projektu odby\u0142y si\u0119 spotkania z mieszka\u0144cami w plac\u00f3wkach bibliotecznych ca\u0142ego powiatu, w celu pozyskania, digitalizacji i utrwalenia pami\u0105tek z czas\u00f3w I wojny \u015bwiatoweji II Rzeczypospolitej. Na bazie zgromadzonego materia\u0142u [&hellip;]<\/p>\n","protected":false},"author":2,"featured_media":0,"comment_status":"closed","ping_status":"open","sticky":false,"template":"","format":"standard","meta":{"footnotes":""},"categories":[23],"tags":[29,30,24,25,31,28,26,27],"class_list":["post-271","post","type-post","status-publish","format-standard","hentry","category-projekt","tag-happening","tag-konferencja","tag-niepodleglosc","tag-projekt","tag-publikacja","tag-spotkania","tag-warsztaty","tag-wystawy"],"_links":{"self":[{"href":"https:\/\/mbp.chrzanow.pl\/wstroneniepodleglosci\/index.php\/wp-json\/wp\/v2\/posts\/271","targetHints":{"allow":["GET"]}}],"collection":[{"href":"https:\/\/mbp.chrzanow.pl\/wstroneniepodleglosci\/index.php\/wp-json\/wp\/v2\/posts"}],"about":[{"href":"https:\/\/mbp.chrzanow.pl\/wstroneniepodleglosci\/index.php\/wp-json\/wp\/v2\/types\/post"}],"author":[{"embeddable":true,"href":"https:\/\/mbp.chrzanow.pl\/wstroneniepodleglosci\/index.php\/wp-json\/wp\/v2\/users\/2"}],"replies":[{"embeddable":true,"href":"https:\/\/mbp.chrzanow.pl\/wstroneniepodleglosci\/index.php\/wp-json\/wp\/v2\/comments?post=271"}],"version-history":[{"count":8,"href":"https:\/\/mbp.chrzanow.pl\/wstroneniepodleglosci\/index.php\/wp-json\/wp\/v2\/posts\/271\/revisions"}],"predecessor-version":[{"id":543,"href":"https:\/\/mbp.chrzanow.pl\/wstroneniepodleglosci\/index.php\/wp-json\/wp\/v2\/posts\/271\/revisions\/543"}],"wp:attachment":[{"href":"https:\/\/mbp.chrzanow.pl\/wstroneniepodleglosci\/index.php\/wp-json\/wp\/v2\/media?parent=271"}],"wp:term":[{"taxonomy":"category","embeddable":true,"href":"https:\/\/mbp.chrzanow.pl\/wstroneniepodleglosci\/index.php\/wp-json\/wp\/v2\/categories?post=271"},{"taxonomy":"post_tag","embeddable":true,"href":"https:\/\/mbp.chrzanow.pl\/wstroneniepodleglosci\/index.php\/wp-json\/wp\/v2\/tags?post=271"}],"curies":[{"name":"wp","href":"https:\/\/api.w.org\/{rel}","templated":true}]}}